{"id":35584,"date":"2024-07-29T13:19:48","date_gmt":"2024-07-29T11:19:48","guid":{"rendered":"https:\/\/www.sunny-tots.com\/?p=35584"},"modified":"2025-12-11T16:23:55","modified_gmt":"2025-12-11T15:23:55","slug":"a-la-hora-de-alquilar-que-silla-de-coche-es-la-adecuada-para-mi-hijo-una-guia-rapida-por-grupos","status":"publish","type":"post","link":"https:\/\/www.sunny-tots.com\/es\/a-la-hora-de-alquilar-que-silla-de-coche-es-la-adecuada-para-mi-hijo-una-guia-rapida-por-grupos\/","title":{"rendered":"A la hora de alquilar, \u00bfQu\u00e9 silla de coche es la adecuada para mi hijo? Una gu\u00eda r\u00e1pida por grupos"},"content":{"rendered":"<div class=\"wpb-content-wrapper\"><p>[vc_row][vc_column][vc_column_text css=\u00bb\u00bb]<\/p>\n<p data-sourcepos=\"5:1-5:91\">Elegir la silla de coche adecuada para tu hijo es una de las decisiones m\u00e1s importantes que tomar\u00e1s como padre. Con tantas opciones, puede resultar abrumador saber cu\u00e1l es la m\u00e1s segura y adecuada para cada etapa del crecimiento de tu peque\u00f1o.<\/p>\n<p data-sourcepos=\"7:1-7:43\"><strong>Los grupos de <a href=\"https:\/\/www.sunny-tots.com\/es\/categoria-producto\/en-la-carretera\/\">sillas de coche<\/a><\/strong><\/p>\n<p data-sourcepos=\"9:1-9:78\">Los grupos de sillas de coche se establecen seg\u00fan el peso y, en algunos casos, la altura del ni\u00f1o. Esto garantiza que la silla ofrezca la protecci\u00f3n adecuada en cada etapa de su desarrollo. Las principales categor\u00edas son:<\/p>\n<ul data-sourcepos=\"11:1-13:49\">\n<li data-sourcepos=\"11:1-11:148\"><strong>Grupo 0:<\/strong> Para reci\u00e9n nacidos, hasta aproximadamente los 15 meses o 13 kg. Suele ser un capazo r\u00edgido o una silla que se coloca a contramarcha.<\/li>\n<li data-sourcepos=\"12:1-12:139\"><strong>Grupo I:<\/strong> Para ni\u00f1os de aproximadamente 9 meses a 4 a\u00f1os, entre 9 y 18 kg. Generalmente con arn\u00e9s de 5 puntos, tambi\u00e9n a contramarcha.<\/li>\n<li data-sourcepos=\"13:1-13:49\"><strong>Grupo II:<\/strong> Para ni\u00f1os de 3 a 7 a\u00f1os, entre 15 y 25 kg. Asiento elevador con respaldo, que utiliza el cintur\u00f3n de seguridad del veh\u00edculo.<\/li>\n<li data-sourcepos=\"14:1-15:0\"><strong>Grupo III:<\/strong> Para ni\u00f1os de 4 a 12 a\u00f1os, a partir de 22 kg.El coj\u00edn elevador sin respaldo, se utiliza si el ni\u00f1os tiene suficiente altura, con el cintur\u00f3n de seguridad del veh\u00edculo.<\/li>\n<\/ul>\n<p data-sourcepos=\"16:1-16:52\"><strong>\u00bfPor qu\u00e9 es importante elegir la silla correcta?<\/strong><\/p>\n<p data-sourcepos=\"18:1-18:184\">La silla de coche es el \u00fanico elemento de seguridad que protege a tu hijo en caso de accidente. Una silla mal instalada o inadecuada para su edad y peso puede poner en riesgo su vida.<\/p>\n<p data-sourcepos=\"20:1-20:43\"><strong>Consejos para elegir la silla adecuada:<\/strong><\/p>\n<ul data-sourcepos=\"22:1-27:0\">\n<li data-sourcepos=\"22:1-22:102\"><strong>Prioriza la seguridad:<\/strong> Opta por sillas homologadas y que se adapten al peso y altura de tu hijo.<\/li>\n<li data-sourcepos=\"23:1-23:105\"><strong>A contramarcha el mayor tiempo posible:<\/strong> Es la posici\u00f3n m\u00e1s segura para la cabeza y cuello del ni\u00f1o.<\/li>\n<li data-sourcepos=\"24:1-24:118\"><strong>F\u00e1cil instalaci\u00f3n:<\/strong> Aseg\u00farate de que la silla sea f\u00e1cil de instalar en tu veh\u00edculo y que se ajuste correctamente.<\/li>\n<li data-sourcepos=\"25:1-25:60\"><strong>Comodidad:<\/strong> El ni\u00f1o debe estar c\u00f3modo durante el viaje.<\/li>\n<\/ul>\n<p data-sourcepos=\"28:1-28:13\"><strong>Recuerda:<\/strong><\/p>\n<ul data-sourcepos=\"30:1-30:59\">\n<li data-sourcepos=\"30:1-30:59\"><strong>Normativa i-Size:<\/strong> Esta normativa se basa en la altura del ni\u00f1o y ofrece mayor seguridad.<\/li>\n<li data-sourcepos=\"31:1-31:83\"><strong>Peso y altura:<\/strong> Son los principales factores a considerar al elegir una silla.<\/li>\n<li data-sourcepos=\"32:1-33:0\"><strong>Instalaci\u00f3n:<\/strong> Se aconseja anclarlas siempre con Isofix.<\/li>\n<\/ul>\n<p data-sourcepos=\"34:1-34:23\"><strong>\u00bfQuieres saber m\u00e1s?<\/strong><\/p>\n<p data-sourcepos=\"36:1-36:136\">En nuestros pr\u00f3ximos post profundizaremos en la normativa i-Size y te daremos m\u00e1s consejos para elegir la silla de coche perfecta para tu hijo.<\/p>\n<p data-sourcepos=\"38:1-38:53\"><strong>\u00a1La seguridad de tu peque\u00f1o es lo m\u00e1s importante!<\/strong><\/p>\n<p data-sourcepos=\"40:1-40:38\"><a href=\"https:\/\/www.sunny-tots.com\/es\/\"><strong>El Equipo de Sunny-Tots<\/strong><\/a><\/p>\n<p data-sourcepos=\"40:1-40:38\">SunnyTots te hace las vacaciones mas faciles y adem\u00e1s te ofrece carritos de beb\u00e9, sillitas de coche, tronas, ba\u00f1eras port\u00e1tiles, etc. en la Marina Alta (Costa Blanca Norte) y Oliva.<\/p>\n<p>SunnyTots, servicio de alquiler de equipamiento familiar e infantil, \u00a0cochecitos, cunas de viaje, tronas y otros equipamientos infantiles para beb\u00e9s. Servicio de entrega y recogida en La Marina Alta (Costa Blanca Norte); Alcalal\u00ed, Ll\u00edber, Sanet i Negrals, l\u2019Atz\u00favia, Murla, Senija, Beniarbeig, Ondara, Teulada, Benidoleig, Orba, Tormos, Benigembla, Parcent, la Vall d\u2019Alcal\u00e0, Benimeli, Pedreguer, la Vall d\u2019Ebo, Benissa, Pego, la Vall de Gallinera, Calp\/Calpe, Moraira, el Poble Nou de Benitatxell\/Benitachell, la Vall de Laguar, Castell de Castells, els Poblets (Setla, Mirarosa i Miraflor), el Verger, El R\u00e0fol d\u2019Alm\u00fania, D\u00e9nia, el R\u00e0fol, X\u00e0bia\/J\u00e1vea, Gata de Gorgos, Sagra, Xal\u00f3\/Jal\u00f3n y Oliva.<\/p>\n<p>SunnyTots makes your holidays easier and also offers you baby carriages, car seats, highchairs, portable bathtubs, etc. in Marina Alta (Costa Blanca Norte) and Oliva.<\/p>\n<p>SunnyTots, family and children&#8217;s equipment rental service, prams, travel cots, high chairs and other children&#8217;s equipment for babies. Delivery and collection service in La Marina Alta (Costa Blanca North); Alcalal\u00ed, Ll\u00edber, Sanet and Negrals, l&#8217;Atz\u00favia, Murla, Senija, Beniarbeig, Ondara, Teulada, Benidoleig, Orba, Tormos, Benigembla, Parcent, the Vall d&#8217;Alcal\u00e0, Benimeli, Pedreguer, the Vall d&#8217;Ebo, Benissa, Pego, the Vall de Gallinera, Calp\/Calpe, Moraira, Poble Nou de Benitatxell\/Benitachell, the Vall de Laguar, Castell de Castells, the Villages (Setla, Mirarosa and Miraflor), El Verger, El R\u00e0fol d&#8217;Alm\u00fania, D\u00e9nia , el R\u00e0fol, X\u00e0bia\/J\u00e1vea, Gata de Gorgos, Sagra, Xal\u00f3\/Jal\u00f3n and Oliva.<\/p>\n<p>SunnyTots maakt uw vakantie gemakkelijker en biedt u ook kinderwagens, autostoelen, kinderstoelen, draagbare badkuipen, enz. in Marina Alta (Costa Blanca Norte) en Oliva.<\/p>\n<p>SunnyTots, verhuurservice voor gezins- en kinderuitrusting, kinderwagens, reiswiegjes, kinderstoelen en andere kinderuitrusting voor baby&#8217;s. Bezorg- en ophaalservice in La Marina Alta (Costa Blanca Noord); Alcalal\u00ed, Ll\u00edber, Sanet en Negrals, l&#8217;Atz\u00favia, Murla, Senija, Beniarbeig, Ondara, Teulada, Benidoleig, Orba, Tormos, Benigembla, Parcent, de Vall d&#8217;Alcal\u00e0, Benimeli, Pedreguer, de Vall d&#8217;Ebo, Benissa, Pego, de Vall de Gallinera, Calp\/Calpe, Moraira, Poble Nou de Benitatxell\/Benitachell, de Vall de Laguar, Castell de Castells, de dorpen (Setla, Mirarosa en Miraflor), El Verger, El R\u00e0fol d&#8217;Alm\u00fania, D\u00e9nia, el R\u00e0fol, X\u00e0bia\/J\u00e1vea, Gata de Gorgos, Sagra, Xal\u00f3\/Jal\u00f3n en Oliva.<\/p>\n<p>SunnyTots macht Ihren Urlaub einfacher und bietet Ihnen auch Kinderwagen, Autositze, Hochst\u00fchle, tragbare Badewannen usw. in Marina Alta (Costa Blanca Norte) und Oliva.<\/p>\n<p>SunnyTots, Verleih von Familien- und Kinderausr\u00fcstung, Kinderwagen, Reisebetten, Hochst\u00fchlen und anderer Kinderausr\u00fcstung f\u00fcr Babys. Liefer- und Abholservice in La Marina Alta (Costa Blanca Nord); Alcalal\u00ed, Ll\u00edber, Sanet und Negrals, l&#8217;Atz\u00favia, Murla, Senija, Beniarbeig, Ondara, Teulada, Benidoleig, Orba, Tormos, Benigembla, Parcent, das Vall d&#8217;Alcal\u00e0, Benimeli, Pedreguer, das Vall d&#8217;Ebo, Benissa, Pego, das Vall de Gallinera, Calp\/Calpe, Moraira, Poble Nou de Benitatxell\/Benitachell, das Vall de Laguar, Castell de Castells, die D\u00f6rfer (Setla, Mirarosa und Miraflor), El Verger, El R\u00e0fol d&#8217;Alm\u00fania, D\u00e9nia, el R\u00e0fol, X\u00e0bia\/J\u00e1vea, Gata de Gorgos, Sagra, Xal\u00f3\/Jal\u00f3n und Oliva.[\/vc_column_text][\/vc_column][\/vc_row]<\/p>\n<\/div>","protected":false},"excerpt":{"rendered":"<p>[vc_row][vc_column][vc_column_text css=\u00bb\u00bb] Elegir la silla de coche adecuada para tu hijo es una de las decisiones m\u00e1s importantes que tomar\u00e1s&#8230;<\/p>\n","protected":false},"author":4,"featured_media":35585,"comment_status":"closed","ping_status":"closed","sticky":false,"template":"","format":"standard","meta":{"footnotes":""},"categories":[485,483],"tags":[],"class_list":{"0":"post-35584","1":"post","2":"type-post","3":"status-publish","4":"format-standard","5":"has-post-thumbnail","7":"category-vacaciones-2","8":"category-viaja-con-ninos"},"yoast_head":"<!-- This site is optimized with the Yoast SEO plugin v27.1.1 - https:\/\/yoast.com\/product\/yoast-seo-wordpress\/ -->\n<title>A la hora de alquilar, \u00bfQu\u00e9 silla de coche es la adecuada para mi hijo? Una gu\u00eda r\u00e1pida por grupos - Sunny Tots<\/title>\n<meta name=\"robots\" content=\"index, follow, max-snippet:-1, max-image-preview:large, max-video-preview:-1\" \/>\n<link rel=\"canonical\" href=\"https:\/\/www.sunny-tots.com\/es\/a-la-hora-de-alquilar-que-silla-de-coche-es-la-adecuada-para-mi-hijo-una-guia-rapida-por-grupos\/\" \/>\n<meta property=\"og:locale\" content=\"es_ES\" \/>\n<meta property=\"og:type\" content=\"article\" \/>\n<meta property=\"og:title\" content=\"A la hora de alquilar, \u00bfQu\u00e9 silla de coche es la adecuada para mi hijo? Una gu\u00eda r\u00e1pida por grupos - Sunny Tots\" \/>\n<meta property=\"og:description\" content=\"[vc_row][vc_column][vc_column_text css=\u00bb\u00bb] Elegir la silla de coche adecuada para tu hijo es una de las decisiones m\u00e1s importantes que tomar\u00e1s...\" \/>\n<meta property=\"og:url\" content=\"https:\/\/www.sunny-tots.com\/es\/a-la-hora-de-alquilar-que-silla-de-coche-es-la-adecuada-para-mi-hijo-una-guia-rapida-por-grupos\/\" \/>\n<meta property=\"og:site_name\" content=\"Sunny Tots\" \/>\n<meta property=\"article:published_time\" content=\"2024-07-29T11:19:48+00:00\" \/>\n<meta property=\"article:modified_time\" content=\"2025-12-11T15:23:55+00:00\" \/>\n<meta property=\"og:image\" content=\"https:\/\/www.sunny-tots.com\/wp-content\/uploads\/2024\/07\/orCaptura-de-pantalla-4630.jpg\" \/>\n\t<meta property=\"og:image:width\" content=\"1248\" \/>\n\t<meta property=\"og:image:height\" content=\"965\" \/>\n\t<meta property=\"og:image:type\" content=\"image\/jpeg\" \/>\n<meta name=\"author\" content=\"Sunny Tots Admin\" \/>\n<meta name=\"twitter:card\" content=\"summary_large_image\" \/>\n<meta name=\"twitter:label1\" content=\"Escrito por\" \/>\n\t<meta name=\"twitter:data1\" content=\"Sunny Tots Admin\" \/>\n\t<meta name=\"twitter:label2\" content=\"Tiempo de lectura\" \/>\n\t<meta name=\"twitter:data2\" content=\"4 minutos\" \/>\n<script type=\"application\/ld+json\" class=\"yoast-schema-graph\">{\"@context\":\"https:\/\/schema.org\",\"@graph\":[{\"@type\":\"Article\",\"@id\":\"https:\/\/www.sunny-tots.com\/es\/a-la-hora-de-alquilar-que-silla-de-coche-es-la-adecuada-para-mi-hijo-una-guia-rapida-por-grupos\/#article\",\"isPartOf\":{\"@id\":\"https:\/\/www.sunny-tots.com\/es\/a-la-hora-de-alquilar-que-silla-de-coche-es-la-adecuada-para-mi-hijo-una-guia-rapida-por-grupos\/\"},\"author\":{\"name\":\"Sunny Tots Admin\",\"@id\":\"https:\/\/www.sunny-tots.com\/es\/#\/schema\/person\/ddebc7f840753716387a3027e11abb75\"},\"headline\":\"A la hora de alquilar, \u00bfQu\u00e9 silla de coche es la adecuada para mi hijo? Una gu\u00eda r\u00e1pida por grupos\",\"datePublished\":\"2024-07-29T11:19:48+00:00\",\"dateModified\":\"2025-12-11T15:23:55+00:00\",\"mainEntityOfPage\":{\"@id\":\"https:\/\/www.sunny-tots.com\/es\/a-la-hora-de-alquilar-que-silla-de-coche-es-la-adecuada-para-mi-hijo-una-guia-rapida-por-grupos\/\"},\"wordCount\":1003,\"publisher\":{\"@id\":\"https:\/\/www.sunny-tots.com\/es\/#organization\"},\"image\":{\"@id\":\"https:\/\/www.sunny-tots.com\/es\/a-la-hora-de-alquilar-que-silla-de-coche-es-la-adecuada-para-mi-hijo-una-guia-rapida-por-grupos\/#primaryimage\"},\"thumbnailUrl\":\"https:\/\/www.sunny-tots.com\/wp-content\/uploads\/2024\/07\/orCaptura-de-pantalla-4630.jpg\",\"articleSection\":[\"Vacaciones\",\"Viaja con ni\u00f1os\"],\"inLanguage\":\"es\"},{\"@type\":\"WebPage\",\"@id\":\"https:\/\/www.sunny-tots.com\/es\/a-la-hora-de-alquilar-que-silla-de-coche-es-la-adecuada-para-mi-hijo-una-guia-rapida-por-grupos\/\",\"url\":\"https:\/\/www.sunny-tots.com\/es\/a-la-hora-de-alquilar-que-silla-de-coche-es-la-adecuada-para-mi-hijo-una-guia-rapida-por-grupos\/\",\"name\":\"A la hora de alquilar, \u00bfQu\u00e9 silla de coche es la adecuada para mi hijo? Una gu\u00eda r\u00e1pida por grupos - Sunny Tots\",\"isPartOf\":{\"@id\":\"https:\/\/www.sunny-tots.com\/es\/#website\"},\"primaryImageOfPage\":{\"@id\":\"https:\/\/www.sunny-tots.com\/es\/a-la-hora-de-alquilar-que-silla-de-coche-es-la-adecuada-para-mi-hijo-una-guia-rapida-por-grupos\/#primaryimage\"},\"image\":{\"@id\":\"https:\/\/www.sunny-tots.com\/es\/a-la-hora-de-alquilar-que-silla-de-coche-es-la-adecuada-para-mi-hijo-una-guia-rapida-por-grupos\/#primaryimage\"},\"thumbnailUrl\":\"https:\/\/www.sunny-tots.com\/wp-content\/uploads\/2024\/07\/orCaptura-de-pantalla-4630.jpg\",\"datePublished\":\"2024-07-29T11:19:48+00:00\",\"dateModified\":\"2025-12-11T15:23:55+00:00\",\"breadcrumb\":{\"@id\":\"https:\/\/www.sunny-tots.com\/es\/a-la-hora-de-alquilar-que-silla-de-coche-es-la-adecuada-para-mi-hijo-una-guia-rapida-por-grupos\/#breadcrumb\"},\"inLanguage\":\"es\",\"potentialAction\":[{\"@type\":\"ReadAction\",\"target\":[\"https:\/\/www.sunny-tots.com\/es\/a-la-hora-de-alquilar-que-silla-de-coche-es-la-adecuada-para-mi-hijo-una-guia-rapida-por-grupos\/\"]}]},{\"@type\":\"ImageObject\",\"inLanguage\":\"es\",\"@id\":\"https:\/\/www.sunny-tots.com\/es\/a-la-hora-de-alquilar-que-silla-de-coche-es-la-adecuada-para-mi-hijo-una-guia-rapida-por-grupos\/#primaryimage\",\"url\":\"https:\/\/www.sunny-tots.com\/wp-content\/uploads\/2024\/07\/orCaptura-de-pantalla-4630.jpg\",\"contentUrl\":\"https:\/\/www.sunny-tots.com\/wp-content\/uploads\/2024\/07\/orCaptura-de-pantalla-4630.jpg\",\"width\":1248,\"height\":965,\"caption\":\"sunnytots\"},{\"@type\":\"BreadcrumbList\",\"@id\":\"https:\/\/www.sunny-tots.com\/es\/a-la-hora-de-alquilar-que-silla-de-coche-es-la-adecuada-para-mi-hijo-una-guia-rapida-por-grupos\/#breadcrumb\",\"itemListElement\":[{\"@type\":\"ListItem\",\"position\":1,\"name\":\"Portada\",\"item\":\"https:\/\/www.sunny-tots.com\/es\/\"},{\"@type\":\"ListItem\",\"position\":2,\"name\":\"A la hora de alquilar, \u00bfQu\u00e9 silla de coche es la adecuada para mi hijo? Una gu\u00eda r\u00e1pida por grupos\"}]},{\"@type\":\"WebSite\",\"@id\":\"https:\/\/www.sunny-tots.com\/es\/#website\",\"url\":\"https:\/\/www.sunny-tots.com\/es\/\",\"name\":\"Sunny Tots\",\"description\":\"Strollers to rent and more baby equipment\",\"publisher\":{\"@id\":\"https:\/\/www.sunny-tots.com\/es\/#organization\"},\"potentialAction\":[{\"@type\":\"SearchAction\",\"target\":{\"@type\":\"EntryPoint\",\"urlTemplate\":\"https:\/\/www.sunny-tots.com\/es\/?s={search_term_string}\"},\"query-input\":{\"@type\":\"PropertyValueSpecification\",\"valueRequired\":true,\"valueName\":\"search_term_string\"}}],\"inLanguage\":\"es\"},{\"@type\":\"Organization\",\"@id\":\"https:\/\/www.sunny-tots.com\/es\/#organization\",\"name\":\"Sunny Tots\",\"url\":\"https:\/\/www.sunny-tots.com\/es\/\",\"logo\":{\"@type\":\"ImageObject\",\"inLanguage\":\"es\",\"@id\":\"https:\/\/www.sunny-tots.com\/es\/#\/schema\/logo\/image\/\",\"url\":\"https:\/\/www.sunny-tots.com\/wp-content\/uploads\/2020\/01\/Recurso-2@3x-1024x333_mail.png\",\"contentUrl\":\"https:\/\/www.sunny-tots.com\/wp-content\/uploads\/2020\/01\/Recurso-2@3x-1024x333_mail.png\",\"width\":350,\"height\":114,\"caption\":\"Sunny Tots\"},\"image\":{\"@id\":\"https:\/\/www.sunny-tots.com\/es\/#\/schema\/logo\/image\/\"}},{\"@type\":\"Person\",\"@id\":\"https:\/\/www.sunny-tots.com\/es\/#\/schema\/person\/ddebc7f840753716387a3027e11abb75\",\"name\":\"Sunny Tots Admin\",\"image\":{\"@type\":\"ImageObject\",\"inLanguage\":\"es\",\"@id\":\"https:\/\/www.sunny-tots.com\/es\/#\/schema\/person\/image\/\",\"url\":\"https:\/\/secure.gravatar.com\/avatar\/facfff382825a735cbced9b47c8257d5ef16cc7384628b64e42b01a57b0ba311?s=96&d=mm&r=g\",\"contentUrl\":\"https:\/\/secure.gravatar.com\/avatar\/facfff382825a735cbced9b47c8257d5ef16cc7384628b64e42b01a57b0ba311?s=96&d=mm&r=g\",\"caption\":\"Sunny Tots Admin\"},\"url\":\"https:\/\/www.sunny-tots.com\/es\/author\/sunny-tots-admin\/\"}]}<\/script>\n<!-- \/ Yoast SEO plugin. -->","yoast_head_json":{"title":"A la hora de alquilar, \u00bfQu\u00e9 silla de coche es la adecuada para mi hijo? Una gu\u00eda r\u00e1pida por grupos - Sunny Tots","robots":{"index":"index","follow":"follow","max-snippet":"max-snippet:-1","max-image-preview":"max-image-preview:large","max-video-preview":"max-video-preview:-1"},"canonical":"https:\/\/www.sunny-tots.com\/es\/a-la-hora-de-alquilar-que-silla-de-coche-es-la-adecuada-para-mi-hijo-una-guia-rapida-por-grupos\/","og_locale":"es_ES","og_type":"article","og_title":"A la hora de alquilar, \u00bfQu\u00e9 silla de coche es la adecuada para mi hijo? Una gu\u00eda r\u00e1pida por grupos - Sunny Tots","og_description":"[vc_row][vc_column][vc_column_text css=\u00bb\u00bb] Elegir la silla de coche adecuada para tu hijo es una de las decisiones m\u00e1s importantes que tomar\u00e1s...","og_url":"https:\/\/www.sunny-tots.com\/es\/a-la-hora-de-alquilar-que-silla-de-coche-es-la-adecuada-para-mi-hijo-una-guia-rapida-por-grupos\/","og_site_name":"Sunny Tots","article_published_time":"2024-07-29T11:19:48+00:00","article_modified_time":"2025-12-11T15:23:55+00:00","og_image":[{"width":1248,"height":965,"url":"https:\/\/www.sunny-tots.com\/wp-content\/uploads\/2024\/07\/orCaptura-de-pantalla-4630.jpg","type":"image\/jpeg"}],"author":"Sunny Tots Admin","twitter_card":"summary_large_image","twitter_misc":{"Escrito por":"Sunny Tots Admin","Tiempo de lectura":"4 minutos"},"schema":{"@context":"https:\/\/schema.org","@graph":[{"@type":"Article","@id":"https:\/\/www.sunny-tots.com\/es\/a-la-hora-de-alquilar-que-silla-de-coche-es-la-adecuada-para-mi-hijo-una-guia-rapida-por-grupos\/#article","isPartOf":{"@id":"https:\/\/www.sunny-tots.com\/es\/a-la-hora-de-alquilar-que-silla-de-coche-es-la-adecuada-para-mi-hijo-una-guia-rapida-por-grupos\/"},"author":{"name":"Sunny Tots Admin","@id":"https:\/\/www.sunny-tots.com\/es\/#\/schema\/person\/ddebc7f840753716387a3027e11abb75"},"headline":"A la hora de alquilar, \u00bfQu\u00e9 silla de coche es la adecuada para mi hijo? Una gu\u00eda r\u00e1pida por grupos","datePublished":"2024-07-29T11:19:48+00:00","dateModified":"2025-12-11T15:23:55+00:00","mainEntityOfPage":{"@id":"https:\/\/www.sunny-tots.com\/es\/a-la-hora-de-alquilar-que-silla-de-coche-es-la-adecuada-para-mi-hijo-una-guia-rapida-por-grupos\/"},"wordCount":1003,"publisher":{"@id":"https:\/\/www.sunny-tots.com\/es\/#organization"},"image":{"@id":"https:\/\/www.sunny-tots.com\/es\/a-la-hora-de-alquilar-que-silla-de-coche-es-la-adecuada-para-mi-hijo-una-guia-rapida-por-grupos\/#primaryimage"},"thumbnailUrl":"https:\/\/www.sunny-tots.com\/wp-content\/uploads\/2024\/07\/orCaptura-de-pantalla-4630.jpg","articleSection":["Vacaciones","Viaja con ni\u00f1os"],"inLanguage":"es"},{"@type":"WebPage","@id":"https:\/\/www.sunny-tots.com\/es\/a-la-hora-de-alquilar-que-silla-de-coche-es-la-adecuada-para-mi-hijo-una-guia-rapida-por-grupos\/","url":"https:\/\/www.sunny-tots.com\/es\/a-la-hora-de-alquilar-que-silla-de-coche-es-la-adecuada-para-mi-hijo-una-guia-rapida-por-grupos\/","name":"A la hora de alquilar, \u00bfQu\u00e9 silla de coche es la adecuada para mi hijo? Una gu\u00eda r\u00e1pida por grupos - Sunny Tots","isPartOf":{"@id":"https:\/\/www.sunny-tots.com\/es\/#website"},"primaryImageOfPage":{"@id":"https:\/\/www.sunny-tots.com\/es\/a-la-hora-de-alquilar-que-silla-de-coche-es-la-adecuada-para-mi-hijo-una-guia-rapida-por-grupos\/#primaryimage"},"image":{"@id":"https:\/\/www.sunny-tots.com\/es\/a-la-hora-de-alquilar-que-silla-de-coche-es-la-adecuada-para-mi-hijo-una-guia-rapida-por-grupos\/#primaryimage"},"thumbnailUrl":"https:\/\/www.sunny-tots.com\/wp-content\/uploads\/2024\/07\/orCaptura-de-pantalla-4630.jpg","datePublished":"2024-07-29T11:19:48+00:00","dateModified":"2025-12-11T15:23:55+00:00","breadcrumb":{"@id":"https:\/\/www.sunny-tots.com\/es\/a-la-hora-de-alquilar-que-silla-de-coche-es-la-adecuada-para-mi-hijo-una-guia-rapida-por-grupos\/#breadcrumb"},"inLanguage":"es","potentialAction":[{"@type":"ReadAction","target":["https:\/\/www.sunny-tots.com\/es\/a-la-hora-de-alquilar-que-silla-de-coche-es-la-adecuada-para-mi-hijo-una-guia-rapida-por-grupos\/"]}]},{"@type":"ImageObject","inLanguage":"es","@id":"https:\/\/www.sunny-tots.com\/es\/a-la-hora-de-alquilar-que-silla-de-coche-es-la-adecuada-para-mi-hijo-una-guia-rapida-por-grupos\/#primaryimage","url":"https:\/\/www.sunny-tots.com\/wp-content\/uploads\/2024\/07\/orCaptura-de-pantalla-4630.jpg","contentUrl":"https:\/\/www.sunny-tots.com\/wp-content\/uploads\/2024\/07\/orCaptura-de-pantalla-4630.jpg","width":1248,"height":965,"caption":"sunnytots"},{"@type":"BreadcrumbList","@id":"https:\/\/www.sunny-tots.com\/es\/a-la-hora-de-alquilar-que-silla-de-coche-es-la-adecuada-para-mi-hijo-una-guia-rapida-por-grupos\/#breadcrumb","itemListElement":[{"@type":"ListItem","position":1,"name":"Portada","item":"https:\/\/www.sunny-tots.com\/es\/"},{"@type":"ListItem","position":2,"name":"A la hora de alquilar, \u00bfQu\u00e9 silla de coche es la adecuada para mi hijo? Una gu\u00eda r\u00e1pida por grupos"}]},{"@type":"WebSite","@id":"https:\/\/www.sunny-tots.com\/es\/#website","url":"https:\/\/www.sunny-tots.com\/es\/","name":"Sunny Tots","description":"Strollers to rent and more baby equipment","publisher":{"@id":"https:\/\/www.sunny-tots.com\/es\/#organization"},"potentialAction":[{"@type":"SearchAction","target":{"@type":"EntryPoint","urlTemplate":"https:\/\/www.sunny-tots.com\/es\/?s={search_term_string}"},"query-input":{"@type":"PropertyValueSpecification","valueRequired":true,"valueName":"search_term_string"}}],"inLanguage":"es"},{"@type":"Organization","@id":"https:\/\/www.sunny-tots.com\/es\/#organization","name":"Sunny Tots","url":"https:\/\/www.sunny-tots.com\/es\/","logo":{"@type":"ImageObject","inLanguage":"es","@id":"https:\/\/www.sunny-tots.com\/es\/#\/schema\/logo\/image\/","url":"https:\/\/www.sunny-tots.com\/wp-content\/uploads\/2020\/01\/Recurso-2@3x-1024x333_mail.png","contentUrl":"https:\/\/www.sunny-tots.com\/wp-content\/uploads\/2020\/01\/Recurso-2@3x-1024x333_mail.png","width":350,"height":114,"caption":"Sunny Tots"},"image":{"@id":"https:\/\/www.sunny-tots.com\/es\/#\/schema\/logo\/image\/"}},{"@type":"Person","@id":"https:\/\/www.sunny-tots.com\/es\/#\/schema\/person\/ddebc7f840753716387a3027e11abb75","name":"Sunny Tots Admin","image":{"@type":"ImageObject","inLanguage":"es","@id":"https:\/\/www.sunny-tots.com\/es\/#\/schema\/person\/image\/","url":"https:\/\/secure.gravatar.com\/avatar\/facfff382825a735cbced9b47c8257d5ef16cc7384628b64e42b01a57b0ba311?s=96&d=mm&r=g","contentUrl":"https:\/\/secure.gravatar.com\/avatar\/facfff382825a735cbced9b47c8257d5ef16cc7384628b64e42b01a57b0ba311?s=96&d=mm&r=g","caption":"Sunny Tots Admin"},"url":"https:\/\/www.sunny-tots.com\/es\/author\/sunny-tots-admin\/"}]}},"menu_order":0,"_links":{"self":[{"href":"https:\/\/www.sunny-tots.com\/es\/wp-json\/wp\/v2\/posts\/35584","targetHints":{"allow":["GET"]}}],"collection":[{"href":"https:\/\/www.sunny-tots.com\/es\/wp-json\/wp\/v2\/posts"}],"about":[{"href":"https:\/\/www.sunny-tots.com\/es\/wp-json\/wp\/v2\/types\/post"}],"author":[{"embeddable":true,"href":"https:\/\/www.sunny-tots.com\/es\/wp-json\/wp\/v2\/users\/4"}],"replies":[{"embeddable":true,"href":"https:\/\/www.sunny-tots.com\/es\/wp-json\/wp\/v2\/comments?post=35584"}],"version-history":[{"count":2,"href":"https:\/\/www.sunny-tots.com\/es\/wp-json\/wp\/v2\/posts\/35584\/revisions"}],"predecessor-version":[{"id":36480,"href":"https:\/\/www.sunny-tots.com\/es\/wp-json\/wp\/v2\/posts\/35584\/revisions\/36480"}],"wp:featuredmedia":[{"embeddable":true,"href":"https:\/\/www.sunny-tots.com\/es\/wp-json\/wp\/v2\/media\/35585"}],"wp:attachment":[{"href":"https:\/\/www.sunny-tots.com\/es\/wp-json\/wp\/v2\/media?parent=35584"}],"wp:term":[{"taxonomy":"category","embeddable":true,"href":"https:\/\/www.sunny-tots.com\/es\/wp-json\/wp\/v2\/categories?post=35584"},{"taxonomy":"post_tag","embeddable":true,"href":"https:\/\/www.sunny-tots.com\/es\/wp-json\/wp\/v2\/tags?post=35584"}],"curies":[{"name":"wp","href":"https:\/\/api.w.org\/{rel}","templated":true}]}}