{"id":34866,"date":"2024-02-28T02:46:24","date_gmt":"2024-02-28T01:46:24","guid":{"rendered":"https:\/\/sunny.softblue.es\/?p=34866"},"modified":"2025-11-10T18:58:58","modified_gmt":"2025-11-10T17:58:58","slug":"asentamiento-ibero-del-alt-de-benimaquia","status":"publish","type":"post","link":"https:\/\/www.sunny-tots.com\/es\/asentamiento-ibero-del-alt-de-benimaquia\/","title":{"rendered":"Asentamiento Ibero del \u201cAlt de Benim\u00e0quia\u201d"},"content":{"rendered":"<div class=\"wpb-content-wrapper\"><p>[vc_row][vc_column][vc_column_text]Hoy estamos en la emblem\u00e1tica Monta\u00f1a del Montg\u00f3.<\/p>\n<p>Quer\u00edamos visitar el asentamiento arqueol\u00f3gico ib\u00e9rico que data del siglo VI a.C. y aqu\u00ed estamos. Est\u00e1 tan cerca que nunca te acuerdas de venir &#8230; algo bueno vino con la pandemia.<\/p>\n<p>Desde lo alto del asentamiento podemos ver nuestra Preciosa Marina Alta. El lugar ofrece vistas de 360\u00ba y podemos disfrutar de \u00e9l; X\u00e0bia \/ J\u00e1vea, Denia, Pedreguer, La Xara, Jes\u00fas Pobre, Gata de Gorgos, est\u00e1n a nuestro alrededor.<\/p>\n<p>Hoy es un d\u00eda claro y podemos ver m\u00e1s all\u00e1 de los 100 kil\u00f3metros a la redonda; Valencia, Gand\u00eda, Oliva, Cullera y todas las imponentes monta\u00f1as de la Safor y la Marina Alta son f\u00e1ciles de contemplar con todo lujo de detalles.<\/p>\n<p>Es asombroso. Volveremos pronto con toda nuestra familia !!![\/vc_column_text][\/vc_column][\/vc_row]<\/p>\n<\/div>","protected":false},"excerpt":{"rendered":"<p>[vc_row][vc_column][vc_column_text]Hoy estamos en la emblem\u00e1tica Monta\u00f1a del Montg\u00f3. Quer\u00edamos visitar el asentamiento arqueol\u00f3gico ib\u00e9rico que data del siglo VI a.C&#8230;.<\/p>\n","protected":false},"author":3,"featured_media":34875,"comment_status":"open","ping_status":"closed","sticky":false,"template":"","format":"standard","meta":{"footnotes":""},"categories":[482],"tags":[],"class_list":{"0":"post-34866","1":"post","2":"type-post","3":"status-publish","4":"format-standard","5":"has-post-thumbnail","7":"category-noticias"},"yoast_head":"<!-- This site is optimized with the Yoast SEO plugin v27.1.1 - https:\/\/yoast.com\/product\/yoast-seo-wordpress\/ -->\n<title>Asentamiento Ibero del \u201cAlt de Benim\u00e0quia\u201d - Sunny Tots<\/title>\n<meta name=\"robots\" content=\"index, follow, max-snippet:-1, max-image-preview:large, max-video-preview:-1\" \/>\n<link rel=\"canonical\" href=\"https:\/\/www.sunny-tots.com\/es\/asentamiento-ibero-del-alt-de-benimaquia\/\" \/>\n<meta property=\"og:locale\" content=\"es_ES\" \/>\n<meta property=\"og:type\" content=\"article\" \/>\n<meta property=\"og:title\" content=\"Asentamiento Ibero del \u201cAlt de Benim\u00e0quia\u201d - Sunny Tots\" \/>\n<meta property=\"og:description\" content=\"[vc_row][vc_column][vc_column_text]Hoy estamos en la emblem\u00e1tica Monta\u00f1a del Montg\u00f3. Quer\u00edamos visitar el asentamiento arqueol\u00f3gico ib\u00e9rico que data del siglo VI a.C....\" \/>\n<meta property=\"og:url\" content=\"https:\/\/www.sunny-tots.com\/es\/asentamiento-ibero-del-alt-de-benimaquia\/\" \/>\n<meta property=\"og:site_name\" content=\"Sunny Tots\" \/>\n<meta property=\"article:published_time\" content=\"2024-02-28T01:46:24+00:00\" \/>\n<meta property=\"article:modified_time\" content=\"2025-11-10T17:58:58+00:00\" \/>\n<meta property=\"og:image\" content=\"https:\/\/www.sunny-tots.com\/wp-content\/uploads\/2021\/02\/IMG20210124113705-scaled.jpg\" \/>\n\t<meta property=\"og:image:width\" content=\"1920\" \/>\n\t<meta property=\"og:image:height\" content=\"1440\" \/>\n\t<meta property=\"og:image:type\" content=\"image\/jpeg\" \/>\n<meta name=\"author\" content=\"Sunny Tots\" \/>\n<meta name=\"twitter:card\" content=\"summary_large_image\" \/>\n<meta name=\"twitter:label1\" content=\"Escrito por\" \/>\n\t<meta name=\"twitter:data1\" content=\"Sunny Tots\" \/>\n\t<meta name=\"twitter:label2\" content=\"Tiempo de lectura\" \/>\n\t<meta name=\"twitter:data2\" content=\"1 minuto\" \/>\n<script type=\"application\/ld+json\" class=\"yoast-schema-graph\">{\"@context\":\"https:\/\/schema.org\",\"@graph\":[{\"@type\":\"Article\",\"@id\":\"https:\/\/www.sunny-tots.com\/es\/asentamiento-ibero-del-alt-de-benimaquia\/#article\",\"isPartOf\":{\"@id\":\"https:\/\/www.sunny-tots.com\/es\/asentamiento-ibero-del-alt-de-benimaquia\/\"},\"author\":{\"name\":\"Sunny Tots\",\"@id\":\"https:\/\/www.sunny-tots.com\/es\/#\/schema\/person\/b7e25d83de9166a4e44cc66b5e190c77\"},\"headline\":\"Asentamiento Ibero del \u201cAlt de Benim\u00e0quia\u201d\",\"datePublished\":\"2024-02-28T01:46:24+00:00\",\"dateModified\":\"2025-11-10T17:58:58+00:00\",\"mainEntityOfPage\":{\"@id\":\"https:\/\/www.sunny-tots.com\/es\/asentamiento-ibero-del-alt-de-benimaquia\/\"},\"wordCount\":160,\"commentCount\":0,\"publisher\":{\"@id\":\"https:\/\/www.sunny-tots.com\/es\/#organization\"},\"image\":{\"@id\":\"https:\/\/www.sunny-tots.com\/es\/asentamiento-ibero-del-alt-de-benimaquia\/#primaryimage\"},\"thumbnailUrl\":\"https:\/\/www.sunny-tots.com\/wp-content\/uploads\/2021\/02\/IMG20210124113705-scaled.jpg\",\"articleSection\":[\"Noticias\"],\"inLanguage\":\"es\",\"potentialAction\":[{\"@type\":\"CommentAction\",\"name\":\"Comment\",\"target\":[\"https:\/\/www.sunny-tots.com\/es\/asentamiento-ibero-del-alt-de-benimaquia\/#respond\"]}]},{\"@type\":\"WebPage\",\"@id\":\"https:\/\/www.sunny-tots.com\/es\/asentamiento-ibero-del-alt-de-benimaquia\/\",\"url\":\"https:\/\/www.sunny-tots.com\/es\/asentamiento-ibero-del-alt-de-benimaquia\/\",\"name\":\"Asentamiento Ibero del \u201cAlt de Benim\u00e0quia\u201d - Sunny Tots\",\"isPartOf\":{\"@id\":\"https:\/\/www.sunny-tots.com\/es\/#website\"},\"primaryImageOfPage\":{\"@id\":\"https:\/\/www.sunny-tots.com\/es\/asentamiento-ibero-del-alt-de-benimaquia\/#primaryimage\"},\"image\":{\"@id\":\"https:\/\/www.sunny-tots.com\/es\/asentamiento-ibero-del-alt-de-benimaquia\/#primaryimage\"},\"thumbnailUrl\":\"https:\/\/www.sunny-tots.com\/wp-content\/uploads\/2021\/02\/IMG20210124113705-scaled.jpg\",\"datePublished\":\"2024-02-28T01:46:24+00:00\",\"dateModified\":\"2025-11-10T17:58:58+00:00\",\"breadcrumb\":{\"@id\":\"https:\/\/www.sunny-tots.com\/es\/asentamiento-ibero-del-alt-de-benimaquia\/#breadcrumb\"},\"inLanguage\":\"es\",\"potentialAction\":[{\"@type\":\"ReadAction\",\"target\":[\"https:\/\/www.sunny-tots.com\/es\/asentamiento-ibero-del-alt-de-benimaquia\/\"]}]},{\"@type\":\"ImageObject\",\"inLanguage\":\"es\",\"@id\":\"https:\/\/www.sunny-tots.com\/es\/asentamiento-ibero-del-alt-de-benimaquia\/#primaryimage\",\"url\":\"https:\/\/www.sunny-tots.com\/wp-content\/uploads\/2021\/02\/IMG20210124113705-scaled.jpg\",\"contentUrl\":\"https:\/\/www.sunny-tots.com\/wp-content\/uploads\/2021\/02\/IMG20210124113705-scaled.jpg\",\"width\":1920,\"height\":1440,\"caption\":\"sunnytots\"},{\"@type\":\"BreadcrumbList\",\"@id\":\"https:\/\/www.sunny-tots.com\/es\/asentamiento-ibero-del-alt-de-benimaquia\/#breadcrumb\",\"itemListElement\":[{\"@type\":\"ListItem\",\"position\":1,\"name\":\"Portada\",\"item\":\"https:\/\/www.sunny-tots.com\/es\/\"},{\"@type\":\"ListItem\",\"position\":2,\"name\":\"Asentamiento Ibero del \u201cAlt de Benim\u00e0quia\u201d\"}]},{\"@type\":\"WebSite\",\"@id\":\"https:\/\/www.sunny-tots.com\/es\/#website\",\"url\":\"https:\/\/www.sunny-tots.com\/es\/\",\"name\":\"Sunny Tots\",\"description\":\"Strollers to rent and more baby equipment\",\"publisher\":{\"@id\":\"https:\/\/www.sunny-tots.com\/es\/#organization\"},\"potentialAction\":[{\"@type\":\"SearchAction\",\"target\":{\"@type\":\"EntryPoint\",\"urlTemplate\":\"https:\/\/www.sunny-tots.com\/es\/?s={search_term_string}\"},\"query-input\":{\"@type\":\"PropertyValueSpecification\",\"valueRequired\":true,\"valueName\":\"search_term_string\"}}],\"inLanguage\":\"es\"},{\"@type\":\"Organization\",\"@id\":\"https:\/\/www.sunny-tots.com\/es\/#organization\",\"name\":\"Sunny Tots\",\"url\":\"https:\/\/www.sunny-tots.com\/es\/\",\"logo\":{\"@type\":\"ImageObject\",\"inLanguage\":\"es\",\"@id\":\"https:\/\/www.sunny-tots.com\/es\/#\/schema\/logo\/image\/\",\"url\":\"https:\/\/www.sunny-tots.com\/wp-content\/uploads\/2020\/01\/Recurso-2@3x-1024x333_mail.png\",\"contentUrl\":\"https:\/\/www.sunny-tots.com\/wp-content\/uploads\/2020\/01\/Recurso-2@3x-1024x333_mail.png\",\"width\":350,\"height\":114,\"caption\":\"Sunny Tots\"},\"image\":{\"@id\":\"https:\/\/www.sunny-tots.com\/es\/#\/schema\/logo\/image\/\"}},{\"@type\":\"Person\",\"@id\":\"https:\/\/www.sunny-tots.com\/es\/#\/schema\/person\/b7e25d83de9166a4e44cc66b5e190c77\",\"name\":\"Sunny Tots\",\"image\":{\"@type\":\"ImageObject\",\"inLanguage\":\"es\",\"@id\":\"https:\/\/www.sunny-tots.com\/es\/#\/schema\/person\/image\/\",\"url\":\"https:\/\/secure.gravatar.com\/avatar\/229faadd1d25a40bdd880d1c6a80b9be8fee97a32fccae6a1640a4ab8f1ab39b?s=96&d=mm&r=g\",\"contentUrl\":\"https:\/\/secure.gravatar.com\/avatar\/229faadd1d25a40bdd880d1c6a80b9be8fee97a32fccae6a1640a4ab8f1ab39b?s=96&d=mm&r=g\",\"caption\":\"Sunny Tots\"},\"url\":\"https:\/\/www.sunny-tots.com\/es\/author\/sunny-tots\/\"}]}<\/script>\n<!-- \/ Yoast SEO plugin. -->","yoast_head_json":{"title":"Asentamiento Ibero del \u201cAlt de Benim\u00e0quia\u201d - Sunny Tots","robots":{"index":"index","follow":"follow","max-snippet":"max-snippet:-1","max-image-preview":"max-image-preview:large","max-video-preview":"max-video-preview:-1"},"canonical":"https:\/\/www.sunny-tots.com\/es\/asentamiento-ibero-del-alt-de-benimaquia\/","og_locale":"es_ES","og_type":"article","og_title":"Asentamiento Ibero del \u201cAlt de Benim\u00e0quia\u201d - Sunny Tots","og_description":"[vc_row][vc_column][vc_column_text]Hoy estamos en la emblem\u00e1tica Monta\u00f1a del Montg\u00f3. Quer\u00edamos visitar el asentamiento arqueol\u00f3gico ib\u00e9rico que data del siglo VI a.C....","og_url":"https:\/\/www.sunny-tots.com\/es\/asentamiento-ibero-del-alt-de-benimaquia\/","og_site_name":"Sunny Tots","article_published_time":"2024-02-28T01:46:24+00:00","article_modified_time":"2025-11-10T17:58:58+00:00","og_image":[{"width":1920,"height":1440,"url":"https:\/\/www.sunny-tots.com\/wp-content\/uploads\/2021\/02\/IMG20210124113705-scaled.jpg","type":"image\/jpeg"}],"author":"Sunny Tots","twitter_card":"summary_large_image","twitter_misc":{"Escrito por":"Sunny Tots","Tiempo de lectura":"1 minuto"},"schema":{"@context":"https:\/\/schema.org","@graph":[{"@type":"Article","@id":"https:\/\/www.sunny-tots.com\/es\/asentamiento-ibero-del-alt-de-benimaquia\/#article","isPartOf":{"@id":"https:\/\/www.sunny-tots.com\/es\/asentamiento-ibero-del-alt-de-benimaquia\/"},"author":{"name":"Sunny Tots","@id":"https:\/\/www.sunny-tots.com\/es\/#\/schema\/person\/b7e25d83de9166a4e44cc66b5e190c77"},"headline":"Asentamiento Ibero del \u201cAlt de Benim\u00e0quia\u201d","datePublished":"2024-02-28T01:46:24+00:00","dateModified":"2025-11-10T17:58:58+00:00","mainEntityOfPage":{"@id":"https:\/\/www.sunny-tots.com\/es\/asentamiento-ibero-del-alt-de-benimaquia\/"},"wordCount":160,"commentCount":0,"publisher":{"@id":"https:\/\/www.sunny-tots.com\/es\/#organization"},"image":{"@id":"https:\/\/www.sunny-tots.com\/es\/asentamiento-ibero-del-alt-de-benimaquia\/#primaryimage"},"thumbnailUrl":"https:\/\/www.sunny-tots.com\/wp-content\/uploads\/2021\/02\/IMG20210124113705-scaled.jpg","articleSection":["Noticias"],"inLanguage":"es","potentialAction":[{"@type":"CommentAction","name":"Comment","target":["https:\/\/www.sunny-tots.com\/es\/asentamiento-ibero-del-alt-de-benimaquia\/#respond"]}]},{"@type":"WebPage","@id":"https:\/\/www.sunny-tots.com\/es\/asentamiento-ibero-del-alt-de-benimaquia\/","url":"https:\/\/www.sunny-tots.com\/es\/asentamiento-ibero-del-alt-de-benimaquia\/","name":"Asentamiento Ibero del \u201cAlt de Benim\u00e0quia\u201d - Sunny Tots","isPartOf":{"@id":"https:\/\/www.sunny-tots.com\/es\/#website"},"primaryImageOfPage":{"@id":"https:\/\/www.sunny-tots.com\/es\/asentamiento-ibero-del-alt-de-benimaquia\/#primaryimage"},"image":{"@id":"https:\/\/www.sunny-tots.com\/es\/asentamiento-ibero-del-alt-de-benimaquia\/#primaryimage"},"thumbnailUrl":"https:\/\/www.sunny-tots.com\/wp-content\/uploads\/2021\/02\/IMG20210124113705-scaled.jpg","datePublished":"2024-02-28T01:46:24+00:00","dateModified":"2025-11-10T17:58:58+00:00","breadcrumb":{"@id":"https:\/\/www.sunny-tots.com\/es\/asentamiento-ibero-del-alt-de-benimaquia\/#breadcrumb"},"inLanguage":"es","potentialAction":[{"@type":"ReadAction","target":["https:\/\/www.sunny-tots.com\/es\/asentamiento-ibero-del-alt-de-benimaquia\/"]}]},{"@type":"ImageObject","inLanguage":"es","@id":"https:\/\/www.sunny-tots.com\/es\/asentamiento-ibero-del-alt-de-benimaquia\/#primaryimage","url":"https:\/\/www.sunny-tots.com\/wp-content\/uploads\/2021\/02\/IMG20210124113705-scaled.jpg","contentUrl":"https:\/\/www.sunny-tots.com\/wp-content\/uploads\/2021\/02\/IMG20210124113705-scaled.jpg","width":1920,"height":1440,"caption":"sunnytots"},{"@type":"BreadcrumbList","@id":"https:\/\/www.sunny-tots.com\/es\/asentamiento-ibero-del-alt-de-benimaquia\/#breadcrumb","itemListElement":[{"@type":"ListItem","position":1,"name":"Portada","item":"https:\/\/www.sunny-tots.com\/es\/"},{"@type":"ListItem","position":2,"name":"Asentamiento Ibero del \u201cAlt de Benim\u00e0quia\u201d"}]},{"@type":"WebSite","@id":"https:\/\/www.sunny-tots.com\/es\/#website","url":"https:\/\/www.sunny-tots.com\/es\/","name":"Sunny Tots","description":"Strollers to rent and more baby equipment","publisher":{"@id":"https:\/\/www.sunny-tots.com\/es\/#organization"},"potentialAction":[{"@type":"SearchAction","target":{"@type":"EntryPoint","urlTemplate":"https:\/\/www.sunny-tots.com\/es\/?s={search_term_string}"},"query-input":{"@type":"PropertyValueSpecification","valueRequired":true,"valueName":"search_term_string"}}],"inLanguage":"es"},{"@type":"Organization","@id":"https:\/\/www.sunny-tots.com\/es\/#organization","name":"Sunny Tots","url":"https:\/\/www.sunny-tots.com\/es\/","logo":{"@type":"ImageObject","inLanguage":"es","@id":"https:\/\/www.sunny-tots.com\/es\/#\/schema\/logo\/image\/","url":"https:\/\/www.sunny-tots.com\/wp-content\/uploads\/2020\/01\/Recurso-2@3x-1024x333_mail.png","contentUrl":"https:\/\/www.sunny-tots.com\/wp-content\/uploads\/2020\/01\/Recurso-2@3x-1024x333_mail.png","width":350,"height":114,"caption":"Sunny Tots"},"image":{"@id":"https:\/\/www.sunny-tots.com\/es\/#\/schema\/logo\/image\/"}},{"@type":"Person","@id":"https:\/\/www.sunny-tots.com\/es\/#\/schema\/person\/b7e25d83de9166a4e44cc66b5e190c77","name":"Sunny Tots","image":{"@type":"ImageObject","inLanguage":"es","@id":"https:\/\/www.sunny-tots.com\/es\/#\/schema\/person\/image\/","url":"https:\/\/secure.gravatar.com\/avatar\/229faadd1d25a40bdd880d1c6a80b9be8fee97a32fccae6a1640a4ab8f1ab39b?s=96&d=mm&r=g","contentUrl":"https:\/\/secure.gravatar.com\/avatar\/229faadd1d25a40bdd880d1c6a80b9be8fee97a32fccae6a1640a4ab8f1ab39b?s=96&d=mm&r=g","caption":"Sunny Tots"},"url":"https:\/\/www.sunny-tots.com\/es\/author\/sunny-tots\/"}]}},"menu_order":0,"_links":{"self":[{"href":"https:\/\/www.sunny-tots.com\/es\/wp-json\/wp\/v2\/posts\/34866","targetHints":{"allow":["GET"]}}],"collection":[{"href":"https:\/\/www.sunny-tots.com\/es\/wp-json\/wp\/v2\/posts"}],"about":[{"href":"https:\/\/www.sunny-tots.com\/es\/wp-json\/wp\/v2\/types\/post"}],"author":[{"embeddable":true,"href":"https:\/\/www.sunny-tots.com\/es\/wp-json\/wp\/v2\/users\/3"}],"replies":[{"embeddable":true,"href":"https:\/\/www.sunny-tots.com\/es\/wp-json\/wp\/v2\/comments?post=34866"}],"version-history":[{"count":1,"href":"https:\/\/www.sunny-tots.com\/es\/wp-json\/wp\/v2\/posts\/34866\/revisions"}],"predecessor-version":[{"id":34889,"href":"https:\/\/www.sunny-tots.com\/es\/wp-json\/wp\/v2\/posts\/34866\/revisions\/34889"}],"wp:featuredmedia":[{"embeddable":true,"href":"https:\/\/www.sunny-tots.com\/es\/wp-json\/wp\/v2\/media\/34875"}],"wp:attachment":[{"href":"https:\/\/www.sunny-tots.com\/es\/wp-json\/wp\/v2\/media?parent=34866"}],"wp:term":[{"taxonomy":"category","embeddable":true,"href":"https:\/\/www.sunny-tots.com\/es\/wp-json\/wp\/v2\/categories?post=34866"},{"taxonomy":"post_tag","embeddable":true,"href":"https:\/\/www.sunny-tots.com\/es\/wp-json\/wp\/v2\/tags?post=34866"}],"curies":[{"name":"wp","href":"https:\/\/api.w.org\/{rel}","templated":true}]}}